{"id":965,"date":"2018-09-24T05:13:05","date_gmt":"2018-09-24T05:13:05","guid":{"rendered":"https:\/\/loseno.de\/?p=965"},"modified":"2018-09-24T05:33:34","modified_gmt":"2018-09-24T05:33:34","slug":"einladung-zum-benefiz-konzert-mit-crossover","status":"publish","type":"post","link":"https:\/\/loseno.de\/?p=965","title":{"rendered":"Einladung zum Benefiz-Konzert mit \u201eCrossover\u201c"},"content":{"rendered":"<p><a href=\"https:\/\/loseno.de\/wp-content\/uploads\/2018\/09\/PlakatCrossover.jpg\"><img loading=\"lazy\" decoding=\"async\" class=\"aligncenter size-medium wp-image-991\" alt=\"PlakatCrossover\" src=\"https:\/\/loseno.de\/wp-content\/uploads\/2018\/09\/PlakatCrossover-211x300.jpg\" width=\"211\" height=\"300\" srcset=\"https:\/\/loseno.de\/wp-content\/uploads\/2018\/09\/PlakatCrossover-211x300.jpg 211w, https:\/\/loseno.de\/wp-content\/uploads\/2018\/09\/PlakatCrossover.jpg 480w\" sizes=\"(max-width: 211px) 100vw, 211px\" \/><\/a><\/p>\n<p>Das in der Region gut bekannte Gesangsensemble \u201eCrossover\u201c unter der Leitung von Matthias Barth gibt <b>am 30.09.2018 um 18.00 Uhr<\/b> <b>in der Pfarrkirche St. Andreas<\/b> ein Konzert, dessen Erl\u00f6s dem Projekt \u201eLoseno\u201c von Abb\u00e9 Pascal als\u00a0 \u201eHilfe zur Selbsthilfe\u201c\u00a0 zu Gute kommt.<\/p>\n<p>\u201eCrossover\u201c wei\u00df sein Publikum mit dreierlei Vorz\u00fcgen zu erfreuen:<\/p>\n<ul>\n<li>der Auswahl sch\u00f6ner Lieder aus verschiedenen Musikepochen<\/li>\n<li>ihrer Verkn\u00fcpfung zu einem kurzweiligen Programm und, als das Entscheidende von allem,<\/li>\n<li>der sorgf\u00e4ltigen Interpretation der St\u00fccke, auf die Dirigent Matthias Barth gro\u00dfen Wert legt.<\/li>\n<\/ul>\n<p>Alle sind herzlich zu diesem Konzert eingeladen.<\/p>\n<p>Auf ihren Besuch freut sich der F\u00f6rderverein Loseno e.V.<\/p>\n","protected":false},"excerpt":{"rendered":"<p>Das in der Region gut bekannte Gesangsensemble \u201eCrossover\u201c unter der Leitung von Matthias Barth gibt am 30.09.2018 um 18.00 Uhr in der Pfarrkirche St. Andreas ein Konzert, dessen Erl\u00f6s dem Projekt \u201eLoseno\u201c von Abb\u00e9 Pascal als\u00a0 \u201eHilfe zur Selbsthilfe\u201c\u00a0 zu Gute kommt. \u201eCrossover\u201c wei\u00df sein Publikum mit dreierlei Vorz\u00fcgen zu erfreuen: der Auswahl sch\u00f6ner Lieder aus verschiedenen Musikepochen ihrer Verkn\u00fcpfung zu einem kurzweiligen Programm und, als das Entscheidende von allem, der sorgf\u00e4ltigen Interpretation der St\u00fccke, auf die Dirigent Matthias Barth gro\u00dfen Wert legt. Alle sind herzlich zu diesem Konzert eingeladen. Auf ihren Besuch freut sich der F\u00f6rderverein Loseno e.V.<\/p>\n","protected":false},"author":7,"featured_media":0,"comment_status":"open","ping_status":"open","sticky":false,"template":"","format":"standard","meta":{"footnotes":""},"categories":[2],"tags":[],"_links":{"self":[{"href":"https:\/\/loseno.de\/index.php?rest_route=\/wp\/v2\/posts\/965"}],"collection":[{"href":"https:\/\/loseno.de\/index.php?rest_route=\/wp\/v2\/posts"}],"about":[{"href":"https:\/\/loseno.de\/index.php?rest_route=\/wp\/v2\/types\/post"}],"author":[{"embeddable":true,"href":"https:\/\/loseno.de\/index.php?rest_route=\/wp\/v2\/users\/7"}],"replies":[{"embeddable":true,"href":"https:\/\/loseno.de\/index.php?rest_route=%2Fwp%2Fv2%2Fcomments&post=965"}],"version-history":[{"count":6,"href":"https:\/\/loseno.de\/index.php?rest_route=\/wp\/v2\/posts\/965\/revisions"}],"predecessor-version":[{"id":992,"href":"https:\/\/loseno.de\/index.php?rest_route=\/wp\/v2\/posts\/965\/revisions\/992"}],"wp:attachment":[{"href":"https:\/\/loseno.de\/index.php?rest_route=%2Fwp%2Fv2%2Fmedia&parent=965"}],"wp:term":[{"taxonomy":"category","embeddable":true,"href":"https:\/\/loseno.de\/index.php?rest_route=%2Fwp%2Fv2%2Fcategories&post=965"},{"taxonomy":"post_tag","embeddable":true,"href":"https:\/\/loseno.de\/index.php?rest_route=%2Fwp%2Fv2%2Ftags&post=965"}],"curies":[{"name":"wp","href":"https:\/\/api.w.org\/{rel}","templated":true}]}}