{"id":796,"date":"2017-11-10T06:23:18","date_gmt":"2017-11-10T06:23:18","guid":{"rendered":"https:\/\/loseno.de\/?p=796"},"modified":"2017-11-10T06:23:18","modified_gmt":"2017-11-10T06:23:18","slug":"wir-bedanken-uns","status":"publish","type":"post","link":"https:\/\/loseno.de\/?p=796","title":{"rendered":"Wir bedanken uns!"},"content":{"rendered":"<p>Gro\u00dfen Dank sagen wir allen Gottesdienstbesuchern, die unsere Einladung so zahlreich angenommen und die Hl. Messe mit Abb\u00e9 Pascal im kongolesischen Ritus mit Freude mitgefeiert und sich im Pfarrgarten zu sch\u00f6nen Gespr\u00e4chen getroffen haben.<br \/>\nDer Pfarrei St. Andreas ein herzliches Danke f\u00fcr die zur Verf\u00fcgungsstellung des wundersch\u00f6nen Pfarrgartens.<\/p>\n<p>Herzlich bedanken wir uns bei der Trommelgruppe \u201eInkluba\u201c von der Lebenshilfe Rastatt\/Murgtal, die sichtbar ihre Freude verstr\u00f6mte; den Musikern, der Tontechnik und allen S\u00e4ngerinnen und S\u00e4ngern f\u00fcr die musikalische Gestaltung. Die Gesamtleitung lag in den H\u00e4nden von Matthias Heck.<\/p>\n<p>Ebenso sprechen wir ein herzliches Danke an das ins Leben gerufene Eltern-Kinder-Ch\u00f6rle unter der Leitung von Dr. Tobias Speck aus. Sie waren eine sch\u00f6ne Bereicherung.<\/p>\n<p>F\u00fcr die Abl\u00e4ufe im Pfarrgarten haben wir gro\u00dfe Unterst\u00fctzung von der DJK Au am Rhein erhalten. Die Strickgruppe der Frauengemeinschaft und weitere Spenderinnen verw\u00f6hnten uns mit dem reichhaltigen und sehr gut schmeckenden Salatb\u00fcfett.<br \/>\nF\u00fcr dieses hervorragende Miteinander herzlichen Dank!<br \/>\nAllen Helferinnen und Helfern, die in irgendeiner Weise am \u201eAfrika-Abend\u201c beteiligt waren, sei gleichfalls herzlich gedankt.<\/p>\n<p>Selbstverst\u00e4ndlich bedanken wir uns auch bei der Gemeinde Au am Rhein, im Besonderen den Mitarbeitern des Bauhofs f\u00fcr ihre zuverl\u00e4ssige Zuarbeit. Und der Fa. Elektro Lumpp f\u00fcr die techn. Ausstattung im Pfarrgarten.<\/p>\n<p>Von ganzem Herzen danken wir allen Spendern, die die Spendenbox so gut \u201ebest\u00fcckten\u201c. Wir alle w\u00fcnschen Abb\u00e9 Pascal weiterhin eine erfolgreiche Arbeit und gutes Gelingen f\u00fcr sein Projekt \u201eLoseno = das Leben\u201c!<br \/>\nKirchenchor der Pfarrei St. Andreas und der F\u00f6rderverein Loseno e.V.<\/p>\n<blockquote><p><em>\u201eWenn viele kleine Menschen, an vielen kleinen Orten, viele kleine Schritte tun, k\u00f6nnen sie das Angesicht der Erde ver\u00e4ndern.\u201c (Aus Afrika)<\/em><\/p><\/blockquote>\n<table>\n<tbody>\n<tr>\n<td><a href=\"https:\/\/loseno.de\/wp-content\/uploads\/2017\/11\/DSC_2980.jpg\"><img loading=\"lazy\" decoding=\"async\" class=\"aligncenter size-medium wp-image-797\" alt=\"DSC_2980\" src=\"https:\/\/loseno.de\/wp-content\/uploads\/2017\/11\/DSC_2980-300x200.jpg\" width=\"300\" height=\"200\" srcset=\"https:\/\/loseno.de\/wp-content\/uploads\/2017\/11\/DSC_2980-300x200.jpg 300w, https:\/\/loseno.de\/wp-content\/uploads\/2017\/11\/DSC_2980-1024x683.jpg 1024w, https:\/\/loseno.de\/wp-content\/uploads\/2017\/11\/DSC_2980.jpg 2048w\" sizes=\"(max-width: 300px) 100vw, 300px\" \/><\/a><\/td>\n<td><a href=\"https:\/\/loseno.de\/wp-content\/uploads\/2017\/11\/Afrika-MMesse-07.2017-04.jpg\"><img loading=\"lazy\" decoding=\"async\" class=\"aligncenter size-medium wp-image-798\" alt=\"Afrika-MMesse 07.2017-04\" src=\"https:\/\/loseno.de\/wp-content\/uploads\/2017\/11\/Afrika-MMesse-07.2017-04-300x185.jpg\" width=\"300\" height=\"185\" srcset=\"https:\/\/loseno.de\/wp-content\/uploads\/2017\/11\/Afrika-MMesse-07.2017-04-300x185.jpg 300w, https:\/\/loseno.de\/wp-content\/uploads\/2017\/11\/Afrika-MMesse-07.2017-04-1024x631.jpg 1024w\" sizes=\"(max-width: 300px) 100vw, 300px\" \/><\/a><\/td>\n<\/tr>\n<tr>\n<td><a href=\"https:\/\/loseno.de\/wp-content\/uploads\/2017\/11\/DSC_2743.jpg\"><img loading=\"lazy\" decoding=\"async\" class=\"aligncenter size-medium wp-image-799\" alt=\"DSC_2743\" src=\"https:\/\/loseno.de\/wp-content\/uploads\/2017\/11\/DSC_2743-300x200.jpg\" width=\"300\" height=\"200\" srcset=\"https:\/\/loseno.de\/wp-content\/uploads\/2017\/11\/DSC_2743-300x200.jpg 300w, https:\/\/loseno.de\/wp-content\/uploads\/2017\/11\/DSC_2743-1024x683.jpg 1024w, https:\/\/loseno.de\/wp-content\/uploads\/2017\/11\/DSC_2743.jpg 2048w\" sizes=\"(max-width: 300px) 100vw, 300px\" \/><\/a><\/td>\n<td><a href=\"https:\/\/loseno.de\/wp-content\/uploads\/2017\/11\/DSC_2769.jpg\"><img loading=\"lazy\" decoding=\"async\" class=\"aligncenter size-medium wp-image-800\" alt=\"DSC_2769\" src=\"https:\/\/loseno.de\/wp-content\/uploads\/2017\/11\/DSC_2769-300x200.jpg\" width=\"300\" height=\"200\" srcset=\"https:\/\/loseno.de\/wp-content\/uploads\/2017\/11\/DSC_2769-300x200.jpg 300w, https:\/\/loseno.de\/wp-content\/uploads\/2017\/11\/DSC_2769-1024x682.jpg 1024w, https:\/\/loseno.de\/wp-content\/uploads\/2017\/11\/DSC_2769.jpg 1875w\" sizes=\"(max-width: 300px) 100vw, 300px\" \/><\/a><\/td>\n<\/tr>\n<\/tbody>\n<\/table>\n","protected":false},"excerpt":{"rendered":"<p>Gro\u00dfen Dank sagen wir allen Gottesdienstbesuchern, die unsere Einladung so zahlreich angenommen und die Hl. Messe mit Abb\u00e9 Pascal im kongolesischen Ritus mit Freude mitgefeiert und sich im Pfarrgarten zu sch\u00f6nen Gespr\u00e4chen getroffen haben. Der Pfarrei St. Andreas ein herzliches Danke f\u00fcr die zur Verf\u00fcgungsstellung des wundersch\u00f6nen Pfarrgartens. Herzlich bedanken wir uns bei der Trommelgruppe \u201eInkluba\u201c von der Lebenshilfe Rastatt\/Murgtal, die sichtbar ihre Freude verstr\u00f6mte; den Musikern, der Tontechnik und allen S\u00e4ngerinnen und S\u00e4ngern f\u00fcr die musikalische Gestaltung. Die Gesamtleitung lag in den H\u00e4nden von Matthias Heck. Ebenso sprechen wir ein herzliches Danke an das ins Leben gerufene Eltern-Kinder-Ch\u00f6rle unter der Leitung von Dr. Tobias Speck aus. Sie waren eine &hellip; <a href=\"https:\/\/loseno.de\/?p=796\" class=\"more-link\"><span class=\"screen-reader-text\">Wir bedanken uns!<\/span> weiterlesen <span class=\"meta-nav\">&rarr;<\/span><\/a><\/p>\n","protected":false},"author":1,"featured_media":0,"comment_status":"open","ping_status":"open","sticky":false,"template":"","format":"standard","meta":{"footnotes":""},"categories":[2],"tags":[],"_links":{"self":[{"href":"https:\/\/loseno.de\/index.php?rest_route=\/wp\/v2\/posts\/796"}],"collection":[{"href":"https:\/\/loseno.de\/index.php?rest_route=\/wp\/v2\/posts"}],"about":[{"href":"https:\/\/loseno.de\/index.php?rest_route=\/wp\/v2\/types\/post"}],"author":[{"embeddable":true,"href":"https:\/\/loseno.de\/index.php?rest_route=\/wp\/v2\/users\/1"}],"replies":[{"embeddable":true,"href":"https:\/\/loseno.de\/index.php?rest_route=%2Fwp%2Fv2%2Fcomments&post=796"}],"version-history":[{"count":2,"href":"https:\/\/loseno.de\/index.php?rest_route=\/wp\/v2\/posts\/796\/revisions"}],"predecessor-version":[{"id":802,"href":"https:\/\/loseno.de\/index.php?rest_route=\/wp\/v2\/posts\/796\/revisions\/802"}],"wp:attachment":[{"href":"https:\/\/loseno.de\/index.php?rest_route=%2Fwp%2Fv2%2Fmedia&parent=796"}],"wp:term":[{"taxonomy":"category","embeddable":true,"href":"https:\/\/loseno.de\/index.php?rest_route=%2Fwp%2Fv2%2Fcategories&post=796"},{"taxonomy":"post_tag","embeddable":true,"href":"https:\/\/loseno.de\/index.php?rest_route=%2Fwp%2Fv2%2Ftags&post=796"}],"curies":[{"name":"wp","href":"https:\/\/api.w.org\/{rel}","templated":true}]}}