{"id":69,"date":"2014-08-16T17:18:12","date_gmt":"2014-08-16T17:18:12","guid":{"rendered":"https:\/\/loseno.de\/?p=69"},"modified":"2014-08-16T17:19:51","modified_gmt":"2014-08-16T17:19:51","slug":"vortrag-herr-abbe-pascal-projekt-loseno","status":"publish","type":"post","link":"https:\/\/loseno.de\/?p=69","title":{"rendered":"Vortrag Herr Abb\u00e8 Pascal \u201eProjekt Loseno\u201c"},"content":{"rendered":"<p>Herr Abb\u00e8 Pascal hat in der Rheinauschule in Au\/Rhein f\u00fcr die Schulkinder einen Vortrag \u00fcber das Projekt Loseno gehalten.<\/p>\n<p>Begr\u00fc\u00dft wurde Abb\u00e8 Pascal vom Schulchor mit afrikanischen Melodien\u00a0 und Texten. Diese wundervollen Kl\u00e4nge waren\u00a0 gleichzeitig ein toller stimmungsvoller Einstieg f\u00fcr den nachfolgenden Vortrag.\u00a0 Dieser musikalische Beitrag\u00a0 war f\u00fcr die Kinder auch gleichzeitig eine \u201eGeneralprobe\u201c f\u00fcr die Afrikamesse, die der Kirchenchor, unter Mitwirkung dieses Schulchores, \u00a0am Samstag \u00a0den 19. Juli in der St. Andreaskirche\u00a0 in Au\/Rhein\u00a0 gestaltete.<\/p>\n<p><!--more--><\/p>\n<p>In dem nun folgenden Vortrag zeigte Abb\u00e8 Pascal\u00a0 eindrucksvolle Bilder auf einer Gro\u00dfleinwand \u00fcber den Bau von Schulr\u00e4umen, Krankenstation, Hebammen- und Krankenschwesterausbildung. Unter anderem war \u00a0zu sehen wie Kinder mit ihren M\u00fcttern, von weit her, Wasser in Kr\u00fcgen auf dem Kopf zu den Baustellen transportieren.\u00a0 Die Schulkinder\u00a0 waren sehr konzentriert und ebenso interessiert. So hatten sie auch immer wieder Fragen zu diesem Vortrag.<\/p>\n","protected":false},"excerpt":{"rendered":"<p>Herr Abb\u00e8 Pascal hat in der Rheinauschule in Au\/Rhein f\u00fcr die Schulkinder einen Vortrag \u00fcber das Projekt Loseno gehalten. Begr\u00fc\u00dft wurde Abb\u00e8 Pascal vom Schulchor mit afrikanischen Melodien\u00a0 und Texten. Diese wundervollen Kl\u00e4nge waren\u00a0 gleichzeitig ein toller stimmungsvoller Einstieg f\u00fcr den nachfolgenden Vortrag.\u00a0 Dieser musikalische Beitrag\u00a0 war f\u00fcr die Kinder auch gleichzeitig eine \u201eGeneralprobe\u201c f\u00fcr die Afrikamesse, die der Kirchenchor, unter Mitwirkung dieses Schulchores, \u00a0am Samstag \u00a0den 19. Juli in der St. Andreaskirche\u00a0 in Au\/Rhein\u00a0 gestaltete.<\/p>\n","protected":false},"author":7,"featured_media":0,"comment_status":"open","ping_status":"open","sticky":false,"template":"","format":"standard","meta":{"footnotes":""},"categories":[1],"tags":[],"_links":{"self":[{"href":"https:\/\/loseno.de\/index.php?rest_route=\/wp\/v2\/posts\/69"}],"collection":[{"href":"https:\/\/loseno.de\/index.php?rest_route=\/wp\/v2\/posts"}],"about":[{"href":"https:\/\/loseno.de\/index.php?rest_route=\/wp\/v2\/types\/post"}],"author":[{"embeddable":true,"href":"https:\/\/loseno.de\/index.php?rest_route=\/wp\/v2\/users\/7"}],"replies":[{"embeddable":true,"href":"https:\/\/loseno.de\/index.php?rest_route=%2Fwp%2Fv2%2Fcomments&post=69"}],"version-history":[{"count":2,"href":"https:\/\/loseno.de\/index.php?rest_route=\/wp\/v2\/posts\/69\/revisions"}],"predecessor-version":[{"id":71,"href":"https:\/\/loseno.de\/index.php?rest_route=\/wp\/v2\/posts\/69\/revisions\/71"}],"wp:attachment":[{"href":"https:\/\/loseno.de\/index.php?rest_route=%2Fwp%2Fv2%2Fmedia&parent=69"}],"wp:term":[{"taxonomy":"category","embeddable":true,"href":"https:\/\/loseno.de\/index.php?rest_route=%2Fwp%2Fv2%2Fcategories&post=69"},{"taxonomy":"post_tag","embeddable":true,"href":"https:\/\/loseno.de\/index.php?rest_route=%2Fwp%2Fv2%2Ftags&post=69"}],"curies":[{"name":"wp","href":"https:\/\/api.w.org\/{rel}","templated":true}]}}