{"id":67,"date":"2014-08-16T17:15:58","date_gmt":"2014-08-16T17:15:58","guid":{"rendered":"https:\/\/loseno.de\/?p=67"},"modified":"2014-08-16T17:15:58","modified_gmt":"2014-08-16T17:15:58","slug":"spendenlauf-der-grundschule-au-am-rhein-fuer-das-projekt-loseno","status":"publish","type":"post","link":"https:\/\/loseno.de\/?p=67","title":{"rendered":"Spendenlauf der Grundschule Au am Rhein f\u00fcr das Projekt Loseno"},"content":{"rendered":"<p>Am Freitag, den 25. Juli,\u00a0 wurde ein Spendenlauf auf dem Schulhof der Grundschule Au\/Rhein auf einem eigens zuvor erstellten \u00a0quadratischen Parcours durchgef\u00fchrt.<\/p>\n<p>Alle Sch\u00fclerinnen und Sch\u00fcler der Klassen 1 \u2013 4 hatten einen oder auch mehrere Sponsoren, die pro gelaufener \u00a0Runde auf dem Parcours einen oder auch mehrere Euros spendeten.<!--more--><\/p>\n<p>Dieser Spendenlauf erbrachte einen Betrag von 2646,50 Euro. Ein Superergebnis! Daf\u00fcr ein ganz gro\u00dfes Extra-Dankesch\u00f6n.\u00a0\u00a0\u00a0\u00a0\u00a0\u00a0\u00a0\u00a0\u00a0\u00a0\u00a0\u00a0\u00a0\u00a0\u00a0\u00a0\u00a0\u00a0\u00a0\u00a0\u00a0\u00a0\u00a0\u00a0\u00a0\u00a0\u00a0\u00a0\u00a0\u00a0\u00a0\u00a0\u00a0\u00a0\u00a0\u00a0\u00a0\u00a0\u00a0\u00a0\u00a0\u00a0\u00a0\u00a0\u00a0\u00a0\u00a0\u00a0\u00a0\u00a0\u00a0\u00a0\u00a0\u00a0\u00a0\u00a0\u00a0\u00a0\u00a0\u00a0\u00a0\u00a0\u00a0\u00a0\u00a0\u00a0\u00a0\u00a0\u00a0\u00a0\u00a0\u00a0\u00a0\u00a0\u00a0\u00a0\u00a0\u00a0\u00a0\u00a0\u00a0\u00a0\u00a0\u00a0\u00a0\u00a0\u00a0\u00a0\u00a0\u00a0\u00a0\u00a0\u00a0\u00a0\u00a0\u00a0\u00a0\u00a0\u00a0\u00a0\u00a0\u00a0\u00a0\u00a0\u00a0\u00a0\u00a0\u00a0\u00a0\u00a0\u00a0\u00a0 Unter der Leitung von Herrn Rektor Jonatzke und seinem Lehrerkollegium wurden die gelaufenen Runden erfasst und ausgez\u00e4hlt.<\/p>\n<p>Die Begeisterung der anwesenden Eltern, Gro\u00dfeltern und auch von Herrn Abb\u00e8 Pascal \u00a0war riesengro\u00df. Es war eine Freude mit anzusehen welcher Ehrgeiz und Willenskraft von den Kindern an den Tag gelegt wurde, um m\u00f6glichst viele Runden zu absolvieren und somit diesen stolzen Betrag f\u00fcr Loseno zu erlaufen.<\/p>\n<p>Allen Kindern und Sponsoren, Herrn Rektor Jonatzke, dem Lehrerkollegium und dem Grundschulsekretariat geb\u00fchrt f\u00fcr diese Aktion ein ganz gro\u00dfes von Herzen kommendes Dankesch\u00f6n.<\/p>\n<p>Ein weiteres gro\u00dfes\u00a0 Dankesch\u00f6n an die Firmlinge die unter der Betreuung von Fr. Kallwitz und Fr. Karabensch \u00a0einen Kuchenverkauf in der Kirche St. Andreas Au\/Rhein und\u00a0 der Kirche St. Bernhard in Bickesheim , zu Gunsten Loseno, sehr erfolgreich durchgef\u00fchrt haben.\u00a0\u00a0\u00a0\u00a0\u00a0\u00a0\u00a0\u00a0\u00a0\u00a0\u00a0\u00a0\u00a0\u00a0\u00a0\u00a0\u00a0\u00a0\u00a0\u00a0\u00a0\u00a0\u00a0\u00a0\u00a0\u00a0\u00a0\u00a0\u00a0\u00a0\u00a0\u00a0\u00a0\u00a0\u00a0\u00a0\u00a0\u00a0\u00a0\u00a0\u00a0\u00a0\u00a0\u00a0\u00a0\u00a0\u00a0\u00a0\u00a0\u00a0\u00a0\u00a0\u00a0\u00a0\u00a0\u00a0\u00a0\u00a0\u00a0\u00a0\u00a0\u00a0\u00a0\u00a0\u00a0\u00a0\u00a0\u00a0\u00a0\u00a0\u00a0\u00a0\u00a0\u00a0\u00a0\u00a0\u00a0\u00a0\u00a0\u00a0\u00a0\u00a0\u00a0\u00a0\u00a0\u00a0\u00a0\u00a0\u00a0\u00a0\u00a0\u00a0\u00a0\u00a0\u00a0\u00a0\u00a0\u00a0\u00a0\u00a0\u00a0\u00a0\u00a0\u00a0\u00a0\u00a0\u00a0\u00a0\u00a0\u00a0\u00a0\u00a0\u00a0\u00a0\u00a0\u00a0\u00a0\u00a0\u00a0\u00a0\u00a0\u00a0\u00a0\u00a0\u00a0\u00a0\u00a0\u00a0\u00a0\u00a0\u00a0\u00a0\u00a0\u00a0\u00a0\u00a0\u00a0\u00a0\u00a0\u00a0\u00a0\u00a0\u00a0\u00a0\u00a0\u00a0\u00a0\u00a0\u00a0\u00a0\u00a0\u00a0\u00a0\u00a0\u00a0\u00a0\u00a0\u00a0\u00a0\u00a0 Dieser Kuchenverkauf erbrachte die stolze Summe von 395 Euro<\/p>\n<p>Danke auch an die Firmlinge mit Herrn Pastoralreferent Dr. Speck f\u00fcr die Erarbeitung der Homepage LOSENO.<\/p>\n<p>Alle Mitgliedsbeitr\u00e4ge und Spenden an den F\u00f6rderverein Loseno e.V. werden direkt an Herrn\u00a0\u00a0\u00a0\u00a0\u00a0\u00a0\u00a0 Abb\u00e8 Pascal weitergegeben.\u00a0 Sind Spendenbescheinigungen erw\u00fcnscht, so geben Sie dies bitte mit genauer Anschrift und Betragsh\u00f6he an den F\u00f6rderverein LOSENO e.V. Kapellenstr. 19, Au am Rhein Schatzmeister Frau Claudia Busch\u00a0 oder 1. Vorsitzender Herr Konrad Schindele (gleiche Anschrift) weiter.<\/p>\n<p>&nbsp;<\/p>\n","protected":false},"excerpt":{"rendered":"<p>Am Freitag, den 25. Juli,\u00a0 wurde ein Spendenlauf auf dem Schulhof der Grundschule Au\/Rhein auf einem eigens zuvor erstellten \u00a0quadratischen Parcours durchgef\u00fchrt. Alle Sch\u00fclerinnen und Sch\u00fcler der Klassen 1 \u2013 4 hatten einen oder auch mehrere Sponsoren, die pro gelaufener \u00a0Runde auf dem Parcours einen oder auch mehrere Euros spendeten.<\/p>\n","protected":false},"author":7,"featured_media":0,"comment_status":"open","ping_status":"open","sticky":false,"template":"","format":"standard","meta":{"footnotes":""},"categories":[1],"tags":[],"_links":{"self":[{"href":"https:\/\/loseno.de\/index.php?rest_route=\/wp\/v2\/posts\/67"}],"collection":[{"href":"https:\/\/loseno.de\/index.php?rest_route=\/wp\/v2\/posts"}],"about":[{"href":"https:\/\/loseno.de\/index.php?rest_route=\/wp\/v2\/types\/post"}],"author":[{"embeddable":true,"href":"https:\/\/loseno.de\/index.php?rest_route=\/wp\/v2\/users\/7"}],"replies":[{"embeddable":true,"href":"https:\/\/loseno.de\/index.php?rest_route=%2Fwp%2Fv2%2Fcomments&post=67"}],"version-history":[{"count":1,"href":"https:\/\/loseno.de\/index.php?rest_route=\/wp\/v2\/posts\/67\/revisions"}],"predecessor-version":[{"id":68,"href":"https:\/\/loseno.de\/index.php?rest_route=\/wp\/v2\/posts\/67\/revisions\/68"}],"wp:attachment":[{"href":"https:\/\/loseno.de\/index.php?rest_route=%2Fwp%2Fv2%2Fmedia&parent=67"}],"wp:term":[{"taxonomy":"category","embeddable":true,"href":"https:\/\/loseno.de\/index.php?rest_route=%2Fwp%2Fv2%2Fcategories&post=67"},{"taxonomy":"post_tag","embeddable":true,"href":"https:\/\/loseno.de\/index.php?rest_route=%2Fwp%2Fv2%2Ftags&post=67"}],"curies":[{"name":"wp","href":"https:\/\/api.w.org\/{rel}","templated":true}]}}