{"id":53,"date":"2014-07-17T06:29:30","date_gmt":"2014-07-17T06:29:30","guid":{"rendered":"https:\/\/loseno.de\/?p=53"},"modified":"2015-12-12T15:15:08","modified_gmt":"2015-12-12T15:15:08","slug":"afrika-messe-in-au-am-rhein-am-19-7-2014","status":"publish","type":"post","link":"https:\/\/loseno.de\/?p=53","title":{"rendered":"&#8222;Afrika-Messe&#8220; in Au am Rhein am 19.7.2014"},"content":{"rendered":"<p>Im Rahmen der Urlaubsvertretung von Abb\u00e9 Pascal gestalten wir \u2013wie im Vorjahr- wieder eine Afrikanische Messe im kongolesischen Ritus.<br \/>\nMit frischer und begeisternder Musik \u201eauf afrikanischen Spuren\u201c\u2013laden wir jetzt schon recht herzlich zum Mitsingen und Mitfeiern der<br \/>\nHl. Messe ein. Abb\u00e8 Pascal wird diesen Gottesdienst auf besondere Art und Weise gestalten. Au\u00dferdem dabei: der Schulchor der Grundschule Au am Rhein.<br \/>\nHock im Pfarrgarten am Samstag. den 19. Juli 2014 im Anschlu\u00df an die \u201eAfrikanische Messe\u201c<br \/>\nDie Pfarrgemeinde l\u00e4dt aus Anlass des Aufenthaltes von Abb\u00e9 Pascal wieder zu einem \u201eHock im Pfarrgarten\u201c ein. Sollte das Wetter nicht mitspielen, verlagern wir unseren \u201e Hock\u201c in das Pfarrzentrum. Herr Abb\u00e9 Pascal hat bereits in den vergangenen Jahren mit seinen Aufenthalten und Vortr\u00e4gen gro\u00dfes Interesse geweckt. Wir wollen sein &#8211; von ihm gegr\u00fcndetes &#8211; Projekt \u201eLoseno\u201c = das Leben, die Erweiterung seiner Krankenstation, mit dem Erl\u00f6s wieder unterst\u00fctzen und freuen uns \u00fcber Ihr gro\u00dfes Interesse..<br \/>\nZur Mitfeier der Afrikanischen Messe und dem Hock schon jetzt herzliche Einladung an die ganze Pfarrgemeinde.<\/p>\n","protected":false},"excerpt":{"rendered":"<p>Im Rahmen der Urlaubsvertretung von Abb\u00e9 Pascal gestalten wir \u2013wie im Vorjahr- wieder eine Afrikanische Messe im kongolesischen Ritus. Mit frischer und begeisternder Musik \u201eauf afrikanischen Spuren\u201c\u2013laden wir jetzt schon recht herzlich zum Mitsingen und Mitfeiern der Hl. Messe ein. Abb\u00e8 Pascal wird diesen Gottesdienst auf besondere Art und Weise gestalten. Au\u00dferdem dabei: der Schulchor der Grundschule Au am Rhein. Hock im Pfarrgarten am Samstag. den 19. Juli 2014 im Anschlu\u00df an die \u201eAfrikanische Messe\u201c Die Pfarrgemeinde l\u00e4dt aus Anlass des Aufenthaltes von Abb\u00e9 Pascal wieder zu einem \u201eHock im Pfarrgarten\u201c ein. Sollte das Wetter nicht mitspielen, verlagern wir unseren \u201e Hock\u201c in das Pfarrzentrum. Herr Abb\u00e9 Pascal hat bereits &hellip; <a href=\"https:\/\/loseno.de\/?p=53\" class=\"more-link\"><span class=\"screen-reader-text\">&#8222;Afrika-Messe&#8220; in Au am Rhein am 19.7.2014<\/span> weiterlesen <span class=\"meta-nav\">&rarr;<\/span><\/a><\/p>\n","protected":false},"author":7,"featured_media":0,"comment_status":"open","ping_status":"open","sticky":false,"template":"","format":"standard","meta":{"footnotes":""},"categories":[2],"tags":[],"_links":{"self":[{"href":"https:\/\/loseno.de\/index.php?rest_route=\/wp\/v2\/posts\/53"}],"collection":[{"href":"https:\/\/loseno.de\/index.php?rest_route=\/wp\/v2\/posts"}],"about":[{"href":"https:\/\/loseno.de\/index.php?rest_route=\/wp\/v2\/types\/post"}],"author":[{"embeddable":true,"href":"https:\/\/loseno.de\/index.php?rest_route=\/wp\/v2\/users\/7"}],"replies":[{"embeddable":true,"href":"https:\/\/loseno.de\/index.php?rest_route=%2Fwp%2Fv2%2Fcomments&post=53"}],"version-history":[{"count":1,"href":"https:\/\/loseno.de\/index.php?rest_route=\/wp\/v2\/posts\/53\/revisions"}],"predecessor-version":[{"id":54,"href":"https:\/\/loseno.de\/index.php?rest_route=\/wp\/v2\/posts\/53\/revisions\/54"}],"wp:attachment":[{"href":"https:\/\/loseno.de\/index.php?rest_route=%2Fwp%2Fv2%2Fmedia&parent=53"}],"wp:term":[{"taxonomy":"category","embeddable":true,"href":"https:\/\/loseno.de\/index.php?rest_route=%2Fwp%2Fv2%2Fcategories&post=53"},{"taxonomy":"post_tag","embeddable":true,"href":"https:\/\/loseno.de\/index.php?rest_route=%2Fwp%2Fv2%2Ftags&post=53"}],"curies":[{"name":"wp","href":"https:\/\/api.w.org\/{rel}","templated":true}]}}