{"id":210,"date":"2015-10-02T07:41:40","date_gmt":"2015-10-02T07:41:40","guid":{"rendered":"https:\/\/loseno.de\/?p=210"},"modified":"2015-12-12T15:14:12","modified_gmt":"2015-12-12T15:14:12","slug":"freundschaft-zwischen-loseno-und-au-am-rhein","status":"publish","type":"post","link":"https:\/\/loseno.de\/?p=210","title":{"rendered":"Freundschaft zwischen Loseno und Au am Rhein"},"content":{"rendered":"<div>\n<p>Wir freuen uns auf die neue Freundschaft zwischen Loseno und Au am Rhein.<!--more--><br \/>\nVielen Dank allen B\u00fcrger\u00a0f\u00fcr die neue\u00a0Partnerschaft zum Wohle unseres Volkes und f\u00fcr den Austausch von Freundschaft zwischen Kongo und Deutschland. Dieses Foto\u00a0ist Zeichen\u00a0unserer Freundschaft.\u00a0Wir danken von ganzem Herzen dem B\u00fcrgermeister, seine Berater und alle B\u00fcrgerinnen und B\u00fcrger von Au am Rhein.<\/p>\n<\/div>\n<div>\n<p><a href=\"https:\/\/loseno.de\/wp-content\/uploads\/2015\/10\/20150924_125437.jpg\"><img loading=\"lazy\" decoding=\"async\" class=\"alignnone size-medium wp-image-211\" alt=\"20150924_125437\" src=\"https:\/\/loseno.de\/wp-content\/uploads\/2015\/10\/20150924_125437-300x225.jpg\" width=\"300\" height=\"225\" srcset=\"https:\/\/loseno.de\/wp-content\/uploads\/2015\/10\/20150924_125437-300x225.jpg 300w, https:\/\/loseno.de\/wp-content\/uploads\/2015\/10\/20150924_125437.jpg 1024w\" sizes=\"(max-width: 300px) 100vw, 300px\" \/><\/a><\/p>\n<p>&nbsp;<\/p>\n<p><a href=\"https:\/\/loseno.de\/wp-content\/uploads\/2015\/10\/20150924_125553.jpg\"><img loading=\"lazy\" decoding=\"async\" class=\"alignnone size-medium wp-image-212\" alt=\"20150924_125553\" src=\"https:\/\/loseno.de\/wp-content\/uploads\/2015\/10\/20150924_125553-300x225.jpg\" width=\"300\" height=\"225\" srcset=\"https:\/\/loseno.de\/wp-content\/uploads\/2015\/10\/20150924_125553-300x225.jpg 300w, https:\/\/loseno.de\/wp-content\/uploads\/2015\/10\/20150924_125553.jpg 1024w\" sizes=\"(max-width: 300px) 100vw, 300px\" \/><\/a><\/p>\n<p>&nbsp;<\/p>\n<p><a href=\"https:\/\/loseno.de\/wp-content\/uploads\/2015\/10\/20150924_125559.jpg\"><img loading=\"lazy\" decoding=\"async\" class=\"alignnone size-medium wp-image-213\" alt=\"20150924_125559\" src=\"https:\/\/loseno.de\/wp-content\/uploads\/2015\/10\/20150924_125559-300x225.jpg\" width=\"300\" height=\"225\" srcset=\"https:\/\/loseno.de\/wp-content\/uploads\/2015\/10\/20150924_125559-300x225.jpg 300w, https:\/\/loseno.de\/wp-content\/uploads\/2015\/10\/20150924_125559.jpg 1024w\" sizes=\"(max-width: 300px) 100vw, 300px\" \/><\/a><\/p>\n<\/div>\n<div>\n<p>Patrice Tshombokongo, Leiter des Projekts im Kongo.<\/p>\n<\/div>\n","protected":false},"excerpt":{"rendered":"<p>Wir freuen uns auf die neue Freundschaft zwischen Loseno und Au am Rhein.<\/p>\n","protected":false},"author":8,"featured_media":0,"comment_status":"open","ping_status":"open","sticky":false,"template":"","format":"standard","meta":{"footnotes":""},"categories":[1],"tags":[],"_links":{"self":[{"href":"https:\/\/loseno.de\/index.php?rest_route=\/wp\/v2\/posts\/210"}],"collection":[{"href":"https:\/\/loseno.de\/index.php?rest_route=\/wp\/v2\/posts"}],"about":[{"href":"https:\/\/loseno.de\/index.php?rest_route=\/wp\/v2\/types\/post"}],"author":[{"embeddable":true,"href":"https:\/\/loseno.de\/index.php?rest_route=\/wp\/v2\/users\/8"}],"replies":[{"embeddable":true,"href":"https:\/\/loseno.de\/index.php?rest_route=%2Fwp%2Fv2%2Fcomments&post=210"}],"version-history":[{"count":4,"href":"https:\/\/loseno.de\/index.php?rest_route=\/wp\/v2\/posts\/210\/revisions"}],"predecessor-version":[{"id":217,"href":"https:\/\/loseno.de\/index.php?rest_route=\/wp\/v2\/posts\/210\/revisions\/217"}],"wp:attachment":[{"href":"https:\/\/loseno.de\/index.php?rest_route=%2Fwp%2Fv2%2Fmedia&parent=210"}],"wp:term":[{"taxonomy":"category","embeddable":true,"href":"https:\/\/loseno.de\/index.php?rest_route=%2Fwp%2Fv2%2Fcategories&post=210"},{"taxonomy":"post_tag","embeddable":true,"href":"https:\/\/loseno.de\/index.php?rest_route=%2Fwp%2Fv2%2Ftags&post=210"}],"curies":[{"name":"wp","href":"https:\/\/api.w.org\/{rel}","templated":true}]}}