{"id":20,"date":"2014-06-10T09:30:18","date_gmt":"2014-06-10T09:30:18","guid":{"rendered":"https:\/\/loseno.de\/?p=20"},"modified":"2014-06-10T09:30:18","modified_gmt":"2014-06-10T09:30:18","slug":"aus-dem-erleben-von-abbe-pascal","status":"publish","type":"post","link":"https:\/\/loseno.de\/?p=20","title":{"rendered":"Aus dem Erleben von Abb\u00e9 Pascal"},"content":{"rendered":"<p>Abb\u00e9 Pascal Tshombokongo, der Gr\u00fcnder des Projekts LOSENO, schreibt im Vorwort zu einer Brosch\u00fcre:<\/p>\n<blockquote><p>Es ist 5 Uhr, die Glocken der Kirche l\u00e4uten f\u00fcr die t\u00e4gliche Messe um 6 Uhr. Ich stehe auf und versuche in meinem dunklen Zimmer eine Kerze zu entz\u00fcnden. Ich bereite mich vor und gehe in die Kirche. Sie ist halb voll.<\/p>\n<p>Nach der heiligen Messe gehe ich in mein immer zur\u00fcck. Eine Frau steht vor der T\u00fcr und begegnet mir mit einer Bitte: &#8222;Herr Pfarrer, mein Kind ist krank, ich wei\u00df nicht, was ich tun soll. Bitte helfen Sie mir.&#8220;<\/p>\n<p>Es ist kein Einzelfall, dass wir in der Gemeinde solche Szenen erleben. Tag f\u00fcr Tag ist der Priester st\u00e4ndig im Einsatz. Er begegnet Leuten mit ihren verschiedenen Problemen, obwohl er nicht immer eine gew\u00fcnschte L\u00f6sung geben kann. Ein Wort von ihm und vielleicht auch eine kleine Spende bringen Ruhe im Herzen.<\/p>\n<p>Wer ist der Priester eigentlich? Weder ein Arzt, noch ein Gemeindeanwalt oder ein Wohlt\u00e4ter.<\/p>\n<p>Ich \u00fcberlege und finde eine Antwort: &#8222;Eine Br\u00fccke zu den Menschen&#8220;. \u00a0&#8222;Geht hinaus&#8220;, sagt Jesus zu seinen J\u00fcngern (Mk 16,15). Wohin? Zu den Menschen, um ihre Sorgen zu h\u00f6ren und das Evangelium des Lebens zu verk\u00fcnden.<\/p><\/blockquote>\n","protected":false},"excerpt":{"rendered":"<p>Abb\u00e9 Pascal Tshombokongo, der Gr\u00fcnder des Projekts LOSENO, schreibt im Vorwort zu einer Brosch\u00fcre: Es ist 5 Uhr, die Glocken der Kirche l\u00e4uten f\u00fcr die t\u00e4gliche Messe um 6 Uhr. Ich stehe auf und versuche in meinem dunklen Zimmer eine Kerze zu entz\u00fcnden. Ich bereite mich vor und gehe in die Kirche. Sie ist halb voll. Nach der heiligen Messe gehe ich in mein immer zur\u00fcck. Eine Frau steht vor der T\u00fcr und begegnet mir mit einer Bitte: &#8222;Herr Pfarrer, mein Kind ist krank, ich wei\u00df nicht, was ich tun soll. Bitte helfen Sie mir.&#8220; Es ist kein Einzelfall, dass wir in der Gemeinde solche Szenen erleben. Tag f\u00fcr Tag &hellip; <a href=\"https:\/\/loseno.de\/?p=20\" class=\"more-link\"><span class=\"screen-reader-text\">Aus dem Erleben von Abb\u00e9 Pascal<\/span> weiterlesen <span class=\"meta-nav\">&rarr;<\/span><\/a><\/p>\n","protected":false},"author":7,"featured_media":0,"comment_status":"open","ping_status":"open","sticky":false,"template":"","format":"standard","meta":{"footnotes":""},"categories":[2],"tags":[],"_links":{"self":[{"href":"https:\/\/loseno.de\/index.php?rest_route=\/wp\/v2\/posts\/20"}],"collection":[{"href":"https:\/\/loseno.de\/index.php?rest_route=\/wp\/v2\/posts"}],"about":[{"href":"https:\/\/loseno.de\/index.php?rest_route=\/wp\/v2\/types\/post"}],"author":[{"embeddable":true,"href":"https:\/\/loseno.de\/index.php?rest_route=\/wp\/v2\/users\/7"}],"replies":[{"embeddable":true,"href":"https:\/\/loseno.de\/index.php?rest_route=%2Fwp%2Fv2%2Fcomments&post=20"}],"version-history":[{"count":1,"href":"https:\/\/loseno.de\/index.php?rest_route=\/wp\/v2\/posts\/20\/revisions"}],"predecessor-version":[{"id":21,"href":"https:\/\/loseno.de\/index.php?rest_route=\/wp\/v2\/posts\/20\/revisions\/21"}],"wp:attachment":[{"href":"https:\/\/loseno.de\/index.php?rest_route=%2Fwp%2Fv2%2Fmedia&parent=20"}],"wp:term":[{"taxonomy":"category","embeddable":true,"href":"https:\/\/loseno.de\/index.php?rest_route=%2Fwp%2Fv2%2Fcategories&post=20"},{"taxonomy":"post_tag","embeddable":true,"href":"https:\/\/loseno.de\/index.php?rest_route=%2Fwp%2Fv2%2Ftags&post=20"}],"curies":[{"name":"wp","href":"https:\/\/api.w.org\/{rel}","templated":true}]}}