{"id":196,"date":"2015-07-31T08:24:08","date_gmt":"2015-07-31T08:24:08","guid":{"rendered":"https:\/\/loseno.de\/?p=196"},"modified":"2015-12-12T15:14:29","modified_gmt":"2015-12-12T15:14:29","slug":"hauptversammlung-vom-foerderverein-loseno-e-v-am-27-07-2015","status":"publish","type":"post","link":"https:\/\/loseno.de\/?p=196","title":{"rendered":"Hauptversammlung vom F\u00f6rderverein Loseno e.V. am 27.07.2015"},"content":{"rendered":"<p>Am 27. Juli 2015 fand die erste Hauptversammlung des F\u00f6rervereins Loseno e.V. \u00a0im Gasthaus Rappen in Au\/Rh. statt.<\/p>\n<p><!--more--><\/p>\n<p>Nach der Begr\u00fc\u00dfung vom Vorsitzenden Konrad Schindele folgten die Themen der Tagesordnung: Bericht des Schriftf\u00fchrers, \u00a0Bericht Hauptkassier, Bericht Kassenpr\u00fcfer.<\/p>\n<p>Es folgte ein Bericht von Dr. Abb\u00e9 Pascal der bildlich \u00fcber einen Beamer\u00a0 \u00fcber die Nutzung der Spendengelder und den Fortschritt der Di\u00f6zese Tshumpe berichtete. So konnte anschaulich der Vergleich zwischen gestern und heute gezeigt werden. Abb\u00e9 Pascal erw\u00e4hnte, dass Geldspenden besser als Sachspenden sind.<\/p>\n<p>Mit Geldspenden k\u00f6nnen spontan ben\u00f6tigte Dinge vor Ort gekauft werden und die enormen Transportkosten eingespart werden. Ein ganz wichtiger Punkt sind Geh\u00e4lter f\u00fcr Pflegepersonal und Lehrer. Diese Personen haben ja keine Arbeitsvertr\u00e4ge und erhalten erst nach Abzug der Kosten f\u00fcr Steuern, Material und, und, und den Rest aus dem Spendentopf.<\/p>\n<p>Um solche Menschen, die vor Ort ausgebildet werden, zu halten ist es w\u00fcnschenswert dass sie ein festes\u00a0 Einkommen erhalten und nicht dorthin abwandern m\u00fcssen, wo dies gegeben ist.<\/p>\n<p>Es geht hier um 13 Personen der Pflegestation und 7 Lehrer mit je 50 \u20ac.<\/p>\n<p>Dieser Vortrag war begleitet von vielen Fragen aus der Versammlung, die das Objekt LOSENO betrafen, die Abb\u00e9 Pascal ausf\u00fchrlich beantwortete.<\/p>\n<p>Konrad Schindele beendet die Versammlung um 20:30 Uhr.<\/p>\n","protected":false},"excerpt":{"rendered":"<p>Am 27. Juli 2015 fand die erste Hauptversammlung des F\u00f6rervereins Loseno e.V. \u00a0im Gasthaus Rappen in Au\/Rh. statt.<\/p>\n","protected":false},"author":7,"featured_media":0,"comment_status":"open","ping_status":"open","sticky":false,"template":"","format":"standard","meta":{"footnotes":""},"categories":[2],"tags":[],"_links":{"self":[{"href":"https:\/\/loseno.de\/index.php?rest_route=\/wp\/v2\/posts\/196"}],"collection":[{"href":"https:\/\/loseno.de\/index.php?rest_route=\/wp\/v2\/posts"}],"about":[{"href":"https:\/\/loseno.de\/index.php?rest_route=\/wp\/v2\/types\/post"}],"author":[{"embeddable":true,"href":"https:\/\/loseno.de\/index.php?rest_route=\/wp\/v2\/users\/7"}],"replies":[{"embeddable":true,"href":"https:\/\/loseno.de\/index.php?rest_route=%2Fwp%2Fv2%2Fcomments&post=196"}],"version-history":[{"count":2,"href":"https:\/\/loseno.de\/index.php?rest_route=\/wp\/v2\/posts\/196\/revisions"}],"predecessor-version":[{"id":198,"href":"https:\/\/loseno.de\/index.php?rest_route=\/wp\/v2\/posts\/196\/revisions\/198"}],"wp:attachment":[{"href":"https:\/\/loseno.de\/index.php?rest_route=%2Fwp%2Fv2%2Fmedia&parent=196"}],"wp:term":[{"taxonomy":"category","embeddable":true,"href":"https:\/\/loseno.de\/index.php?rest_route=%2Fwp%2Fv2%2Fcategories&post=196"},{"taxonomy":"post_tag","embeddable":true,"href":"https:\/\/loseno.de\/index.php?rest_route=%2Fwp%2Fv2%2Ftags&post=196"}],"curies":[{"name":"wp","href":"https:\/\/api.w.org\/{rel}","templated":true}]}}